{"id":6277,"date":"2022-09-27T10:31:33","date_gmt":"2022-09-27T08:31:33","guid":{"rendered":"https:\/\/www.mirabel-mielles.com\/?p=6277"},"modified":"2024-06-24T14:15:53","modified_gmt":"2024-06-24T12:15:53","slug":"groser-kostumwettbewerb-mirabel-2022","status":"publish","type":"post","link":"https:\/\/www.mirabel-mielles.com\/de\/grand-concours-de-deguisement-mirabel-2022","title":{"rendered":"Gro\u00dfer Verkleidungswettbewerb Mirabel 2022"},"content":{"rendered":"<div class=\"wp-block-columns is-layout-flex wp-container-core-columns-is-layout-28f84493 wp-block-columns-is-layout-flex\">\n<div class=\"wp-block-column is-vertically-aligned-center is-layout-flow wp-block-column-is-layout-flow\" style=\"flex-basis:33.33%\">\n<figure class=\"wp-block-image size-large\"><img loading=\"lazy\" decoding=\"async\" width=\"724\" height=\"1024\" src=\"https:\/\/www.mirabel-mielles.com\/wp-content\/uploads\/2022\/09\/Journee-deguisee-20juillet-724x1024.jpg\" alt=\"\" class=\"wp-image-6279\" srcset=\"https:\/\/www.mirabel-mielles.com\/wp-content\/uploads\/2022\/09\/Journee-deguisee-20juillet-724x1024.jpg 724w, https:\/\/www.mirabel-mielles.com\/wp-content\/uploads\/2022\/09\/Journee-deguisee-20juillet-212x300.jpg 212w, https:\/\/www.mirabel-mielles.com\/wp-content\/uploads\/2022\/09\/Journee-deguisee-20juillet-768x1087.jpg 768w, https:\/\/www.mirabel-mielles.com\/wp-content\/uploads\/2022\/09\/Journee-deguisee-20juillet-1086x1536.jpg 1086w, https:\/\/www.mirabel-mielles.com\/wp-content\/uploads\/2022\/09\/Journee-deguisee-20juillet.jpg 1200w\" sizes=\"auto, (max-width: 724px) 100vw, 724px\" \/><\/figure>\n<\/div>\n\n\n\n<div class=\"wp-block-column is-layout-flow wp-block-column-is-layout-flow\" style=\"flex-basis:66.66%\">\n<h2 class=\"wp-block-heading\">An die Kost\u00fcme!<\/h2>\n\n\n\n<p>Das ist das Ereignis dieses Monats Juli auf allen unseren Mirabel-Campingpl\u00e4tzen. Gro\u00dfer Verkleidungstag mit Wahl der sch\u00f6nsten Verkleidung pro Campingplatz am Mittwoch, den 20. Juli. Zu diesem Anlass sind alle Urlauber und das gesamte Personal eingeladen, ihr sch\u00f6nstes Outfit anzuziehen. Je bunter, je glitzernder, desto besser gef\u00e4llt es uns! Wir treffen uns um 20:30 Uhr in der N\u00e4he des Animationslokals des Campingplatzes Les Mielles f\u00fcr die gro\u00dfe Parade + Wahl des besten Kost\u00fcms Ihres Campingplatzes.<\/p>\n\n\n\n<h2 class=\"wp-block-heading\">Wer wird zum \u00abSch\u00f6nsten Mirabel-Kost\u00fcm 2022\u00bb gew\u00e4hlt?<\/h2>\n\n\n\n<p>Nach dieser ersten Abstimmung pro Campingplatz findet eine zweite Abstimmung auf unseren sozialen Netzwerken statt, um DAS SCH\u00d6NSTE MIRABEL-DECKEN 2022 f\u00fcr alle Campingpl\u00e4tze zu w\u00e4hlen! Also ran an die Outfits und Fotos!<\/p>\n\n\n\n<p>Um Ihre Gewinnchancen zu erh\u00f6hen, teilen Sie Ihre Fotos auf sozialen Netzwerken (Facebook, Instagram), indem Sie die Seite \u00abCampings Mirabel Saint-Cast-le-Guildo\u00bb sowie die Seite der Gruppe \u00abMirabel Campings &amp; R\u00e9sidences\u00bb \u00f6ffentlich kennzeichnen.\u00bb<\/p>\n<\/div>\n<\/div>","protected":false},"excerpt":{"rendered":"<p>\u00c0 vos costumes ! C\u2019est l\u2019\u00e9v\u00e8nement de ce mois de juillet dans tous nos campings Mirabel. Grande journ\u00e9e d\u00e9guis\u00e9e avec [&hellip;]<\/p>\n","protected":false},"author":1,"featured_media":6279,"comment_status":"open","ping_status":"open","sticky":false,"template":"","format":"standard","meta":{"_seopress_robots_primary_cat":"none","_seopress_titles_title":"Camping avec animations - Mirabel Les Mielles","_seopress_titles_desc":"Le camping Les Mielles \u00e0 Saint Cast le Guildo vous propose un large planning d'activit\u00e9s et animations. Vous n'aurez pas le temps de vous ennuyer.","_seopress_robots_index":"","footnotes":""},"categories":[1],"tags":[],"class_list":["post-6277","post","type-post","status-publish","format-standard","has-post-thumbnail","hentry","category-non-classifiee"],"_links":{"self":[{"href":"https:\/\/www.mirabel-mielles.com\/de\/wp-json\/wp\/v2\/posts\/6277","targetHints":{"allow":["GET"]}}],"collection":[{"href":"https:\/\/www.mirabel-mielles.com\/de\/wp-json\/wp\/v2\/posts"}],"about":[{"href":"https:\/\/www.mirabel-mielles.com\/de\/wp-json\/wp\/v2\/types\/post"}],"author":[{"embeddable":true,"href":"https:\/\/www.mirabel-mielles.com\/de\/wp-json\/wp\/v2\/users\/1"}],"replies":[{"embeddable":true,"href":"https:\/\/www.mirabel-mielles.com\/de\/wp-json\/wp\/v2\/comments?post=6277"}],"version-history":[{"count":2,"href":"https:\/\/www.mirabel-mielles.com\/de\/wp-json\/wp\/v2\/posts\/6277\/revisions"}],"predecessor-version":[{"id":9803,"href":"https:\/\/www.mirabel-mielles.com\/de\/wp-json\/wp\/v2\/posts\/6277\/revisions\/9803"}],"wp:featuredmedia":[{"embeddable":true,"href":"https:\/\/www.mirabel-mielles.com\/de\/wp-json\/wp\/v2\/media\/6279"}],"wp:attachment":[{"href":"https:\/\/www.mirabel-mielles.com\/de\/wp-json\/wp\/v2\/media?parent=6277"}],"wp:term":[{"taxonomy":"category","embeddable":true,"href":"https:\/\/www.mirabel-mielles.com\/de\/wp-json\/wp\/v2\/categories?post=6277"},{"taxonomy":"post_tag","embeddable":true,"href":"https:\/\/www.mirabel-mielles.com\/de\/wp-json\/wp\/v2\/tags?post=6277"}],"curies":[{"name":"WordPress","href":"https:\/\/api.w.org\/{rel}","templated":true}]}}