{"id":7456,"date":"2022-11-17T14:44:01","date_gmt":"2022-11-17T13:44:01","guid":{"rendered":"https:\/\/www.mirabel-mielles.com\/?p=7456"},"modified":"2025-08-28T09:47:23","modified_gmt":"2025-08-28T07:47:23","slug":"bis-zum-nachsten-jahr","status":"publish","type":"post","link":"https:\/\/www.mirabel-mielles.com\/de\/a-lannee-prochaine","title":{"rendered":"Bis zum n\u00e4chsten Jahr!"},"content":{"rendered":"<div class=\"wp-block-media-text alignwide is-stacked-on-mobile\" style=\"grid-template-columns:32% auto\"><figure class=\"wp-block-media-text__media\"><img loading=\"lazy\" decoding=\"async\" width=\"1024\" height=\"1024\" src=\"https:\/\/www.mirabel-mielles.com\/wp-content\/uploads\/2022\/11\/A-bientot-fermeture-1024x1024.jpg\" alt=\"\" class=\"wp-image-7459 size-full\" srcset=\"https:\/\/www.mirabel-mielles.com\/wp-content\/uploads\/2022\/11\/A-bientot-fermeture-1024x1024.jpg 1024w, https:\/\/www.mirabel-mielles.com\/wp-content\/uploads\/2022\/11\/A-bientot-fermeture-300x300.jpg 300w, https:\/\/www.mirabel-mielles.com\/wp-content\/uploads\/2022\/11\/A-bientot-fermeture-150x150.jpg 150w, https:\/\/www.mirabel-mielles.com\/wp-content\/uploads\/2022\/11\/A-bientot-fermeture-768x768.jpg 768w, https:\/\/www.mirabel-mielles.com\/wp-content\/uploads\/2022\/11\/A-bientot-fermeture.jpg 1080w\" sizes=\"auto, (max-width: 1024px) 100vw, 1024px\" \/><\/figure><div class=\"wp-block-media-text__content\">\n<p class=\"texte-rond has-orange-color has-text-color has-large-font-size\">J\u00e4hrliche Schlie\u00dfung des Campingplatzes!<\/p>\n\n\n\n<p>Das Ende der Saison wurde f\u00fcr unseren Campingplatz Les Mielles eingel\u00e4utet. Es war eine Saison voller Emotionen und Erinnerungen. Wir werden schon jetzt w\u00e4hrend dieser kurzen Schlie\u00dfungszeit die n\u00e4chste Saison vorbereiten, damit wir ab dem 15. M\u00e4rz bereit sind, Sie zu empfangen!<\/p>\n\n\n\n<p>In der Zwischenzeit bleiben Sie auf der Facebook-Seite verbunden<strong> <a rel=\"noreferrer noopener\" href=\"https:\/\/www.facebook.com\/mirabelcampingsetresidences\" target=\"_blank\">Mirabel Campingpl\u00e4tze &amp; Wohnheime<\/a><\/strong>, und auf der Website <a rel=\"noreferrer noopener\" href=\"https:\/\/www.mirabel-campings.com\/\" target=\"_blank\"><strong>www.campings-mirabel.com<\/strong><\/a> um alle Neuigkeiten \u00fcber unsere Campingpl\u00e4tze und die bevorstehende Er\u00f6ffnung der Reservierungen f\u00fcr 2023 zu verfolgen!<\/p>\n\n\n\n<p>Wir sagen: Bis bald in Saint-Cast-le-Guildo.<\/p>\n<\/div><\/div>","protected":false},"excerpt":{"rendered":"<p>Fermeture annuelle du camping ! La fin de la saison a sonn\u00e9 pour notre camping Les Mielles. Une saison riche [&hellip;]<\/p>\n","protected":false},"author":2,"featured_media":7459,"comment_status":"closed","ping_status":"closed","sticky":false,"template":"","format":"standard","meta":{"_seopress_robots_primary_cat":"none","_seopress_titles_title":"Fermeture annuelle du camping en Bretagne","_seopress_titles_desc":"Fermeture annuelle du camping. On se retrouve l'ann\u00e9e prochaine en Bretagne \u00e0 Saint Cast le Guildo.","_seopress_robots_index":"","footnotes":""},"categories":[1],"tags":[],"class_list":["post-7456","post","type-post","status-publish","format-standard","has-post-thumbnail","hentry","category-non-classifiee"],"_links":{"self":[{"href":"https:\/\/www.mirabel-mielles.com\/de\/wp-json\/wp\/v2\/posts\/7456","targetHints":{"allow":["GET"]}}],"collection":[{"href":"https:\/\/www.mirabel-mielles.com\/de\/wp-json\/wp\/v2\/posts"}],"about":[{"href":"https:\/\/www.mirabel-mielles.com\/de\/wp-json\/wp\/v2\/types\/post"}],"author":[{"embeddable":true,"href":"https:\/\/www.mirabel-mielles.com\/de\/wp-json\/wp\/v2\/users\/2"}],"replies":[{"embeddable":true,"href":"https:\/\/www.mirabel-mielles.com\/de\/wp-json\/wp\/v2\/comments?post=7456"}],"version-history":[{"count":3,"href":"https:\/\/www.mirabel-mielles.com\/de\/wp-json\/wp\/v2\/posts\/7456\/revisions"}],"predecessor-version":[{"id":9800,"href":"https:\/\/www.mirabel-mielles.com\/de\/wp-json\/wp\/v2\/posts\/7456\/revisions\/9800"}],"wp:featuredmedia":[{"embeddable":true,"href":"https:\/\/www.mirabel-mielles.com\/de\/wp-json\/wp\/v2\/media\/7459"}],"wp:attachment":[{"href":"https:\/\/www.mirabel-mielles.com\/de\/wp-json\/wp\/v2\/media?parent=7456"}],"wp:term":[{"taxonomy":"category","embeddable":true,"href":"https:\/\/www.mirabel-mielles.com\/de\/wp-json\/wp\/v2\/categories?post=7456"},{"taxonomy":"post_tag","embeddable":true,"href":"https:\/\/www.mirabel-mielles.com\/de\/wp-json\/wp\/v2\/tags?post=7456"}],"curies":[{"name":"WordPress","href":"https:\/\/api.w.org\/{rel}","templated":true}]}}