{"id":8149,"date":"2023-03-24T15:22:00","date_gmt":"2023-03-24T14:22:00","guid":{"rendered":"https:\/\/www.mirabel-mielles.com\/?p=8149"},"modified":"2024-06-24T12:39:53","modified_gmt":"2024-06-24T10:39:53","slug":"wiedereroffnung-zur-vermietung","status":"publish","type":"post","link":"https:\/\/www.mirabel-mielles.com\/de\/reouverture-a-la-location","title":{"rendered":"Wiederer\u00f6ffnung zur Vermietung"},"content":{"rendered":"<div class=\"wp-block-media-text alignwide has-media-on-the-right is-stacked-on-mobile\"><div class=\"wp-block-media-text__content\">\n<h2 class=\"wp-block-heading\">T - 15 vor der Wiederer\u00f6ffnung f\u00fcr Vermietungen<\/h2>\n\n\n\n<p>Es ist Zeit, sich zu treffen! Ihre Campingpl\u00e4tze<strong><a href=\"https:\/\/www.mirabel-mielles.com\/de\/tarife-fur-die-vermietung-von-mobilheimen\/\" target=\"_blank\" rel=\"noreferrer noopener\"> Les Mielles****<\/a> und <a href=\"https:\/\/www.mirabel-crique.com\/\" target=\"_blank\" rel=\"noreferrer noopener\">La Crique***<\/a> <\/strong>in Saint-Cast-le-Guildo <strong>\u00f6ffnen am 7. April wieder ihre T\u00fcren<\/strong> f\u00fcr Ferienvermietungen und Stellpl\u00e4tze. Vor Ort arbeiten unsere Teams flei\u00dfig daran, dass alles bereit ist, um Ihnen einen erstklassigen Empfang zu bieten und mit Ihnen in die neue Saison zu starten! <\/p>\n\n\n\n<p>Mit den <strong>Osterferien und die langen Wochenenden im Mai <\/strong>die vor der T\u00fcr stehen, ist es an der Zeit, eine kleine Pause einzulegen <strong><a href=\"https:\/\/www.cotesdarmor.com\/\" target=\"_blank\" rel=\"noreferrer noopener\">in C\u00f4tes d'Armor<\/a><\/strong> um neue Energie zu tanken. Ob mitten im Stadtzentrum oder mit Blick auf das Meer - Sie haben die Wahl. Sie k\u00f6nnen auch <strong>das beheizte Schwimmbad<\/strong> des Campingplatzes Les Mielles, unserer Spielpl\u00e4tze und aller Einrichtungen, die Ihnen zur Verf\u00fcgung stehen.<\/p>\n\n\n\n<p class=\"texte-rond has-orange-color has-text-color has-large-font-size\">Unsere Ferienunterk\u00fcnfte f\u00fcr einen gelungenen Aufenthalt!<\/p>\n\n\n\n<p>Unsere Campingpl\u00e4tze in <a rel=\"noreferrer noopener\" href=\"https:\/\/villedesaintcastleguildo.fr\/\" target=\"_blank\">Saint-Cast-le-Guildo<\/a> sind in der gl\u00fccklichen Lage, alle Arten von Unterk\u00fcnften anbieten zu k\u00f6nnen:<\/p>\n\n\n\n<ul class=\"wp-block-list\">\n<li><strong>Die voll ausgestatteten Mobilheime <\/strong>f\u00fcr einen komfortablen und ruhigen Urlaub. Sie k\u00f6nnen sich aufhalten <strong>bis zu 6 Personen <\/strong>in unseren 1- bis 3-Zimmer-Mietunterk\u00fcnften mit K\u00fcche, Wohn- und Esszimmer und eigener Terrasse mit Gartenm\u00f6beln.<\/li>\n\n\n\n<li><strong>Le Tit'Home<\/strong> bringt Ihnen eine perfekte Mischung aus Mobilheim und Wohnwagen. Diese <strong>atypische Unterkunft z\u00e4hlt 2 Zimmer<\/strong> und bietet Platz f\u00fcr bis zu 5 Personen, eine K\u00fcchenzeile f\u00fcr Ihre Mahlzeiten und eine \u00fcberdachte Terrasse. Mit Blick auf das Meer und das Fort La Latte werden Sie seine Einfachheit zu sch\u00e4tzen wissen.<\/li>\n\n\n\n<li><strong>Die nackten Stellpl\u00e4tze<\/strong> f\u00fcr die <strong>Campingliebhaber<\/strong> im Zelt, Wohnwagen oder Wohnmobil. Stellen Sie Ihr Lager auf, holen Sie das Vorzelt und die Liegest\u00fchle hervor und genie\u00dfen Sie einen <strong>Aufenthalt 100% Natur.<\/strong><\/li>\n<\/ul>\n<\/div><figure class=\"wp-block-media-text__media\"><img loading=\"lazy\" decoding=\"async\" width=\"1000\" height=\"1000\" src=\"https:\/\/www.mirabel-mielles.com\/wp-content\/uploads\/2023\/03\/ouverture-camping-St-K.jpg\" alt=\"Wiederer\u00f6ffnung der Campingpl\u00e4tze f\u00fcr Vermietungen\" class=\"wp-image-8152 size-full\" srcset=\"https:\/\/www.mirabel-mielles.com\/wp-content\/uploads\/2023\/03\/ouverture-camping-St-K.jpg 1000w, https:\/\/www.mirabel-mielles.com\/wp-content\/uploads\/2023\/03\/ouverture-camping-St-K-300x300.jpg 300w, https:\/\/www.mirabel-mielles.com\/wp-content\/uploads\/2023\/03\/ouverture-camping-St-K-150x150.jpg 150w, https:\/\/www.mirabel-mielles.com\/wp-content\/uploads\/2023\/03\/ouverture-camping-St-K-768x768.jpg 768w\" sizes=\"auto, (max-width: 1000px) 100vw, 1000px\" \/><\/figure><\/div>\n\n\n\n<div class=\"wp-block-columns is-layout-flex wp-container-core-columns-is-layout-28f84493 wp-block-columns-is-layout-flex\">\n<div class=\"wp-block-column is-layout-flow wp-block-column-is-layout-flow\" style=\"border-width:2px;padding-top:var(--wp--preset--spacing--40);padding-right:var(--wp--preset--spacing--40);padding-bottom:var(--wp--preset--spacing--40);padding-left:var(--wp--preset--spacing--40);flex-basis:100%\">\n<p class=\"has-text-align-center\">  <strong>Zu beachten: <\/strong>unsere zwei anderen Campingpl\u00e4tze <a rel=\"noreferrer noopener\" href=\"https:\/\/www.mirabel-clostranquille.com\/\" target=\"_blank\">Le Clos Tranquille<\/a> ** und <a rel=\"noreferrer noopener\" href=\"https:\/\/www.mirabel-4vaulx.com\/\" target=\"_blank\">Die 4 Vaulx<\/a> ** <strong>werden am 1. Mai wieder ge\u00f6ffnet.<\/strong> So k\u00f6nnen Sie eine weitere atypische und ungew\u00f6hnliche Unterkunft genie\u00dfen:  <strong>Der Coco Sweet<\/strong> (zwischen dem Wohnwagen und der Zeltplane). Wenn Sie sich auf dem Campingplatz Les 4 Vaulx mit Blick auf das Meer niederlassen, haben Sie den Geist des Campings und den Komfort dazu!  <\/p>\n\n\n\n<p><\/p>\n\n\n\n<div class=\"wp-block-buttons is-layout-flex wp-block-buttons-is-layout-flex\">\n<div class=\"wp-block-button aligncenter\"><a class=\"wp-block-button__link has-orange-background-color has-background wp-element-button\" href=\"https:\/\/www.mirabel-mielles.com\/de\/\" target=\"_blank\" rel=\"noreferrer noopener\"><strong>Ich buche auf dem Campingplatz Les Mielles<\/strong><\/a><\/div>\n<\/div>\n\n\n\n<div class=\"wp-block-buttons is-layout-flex wp-block-buttons-is-layout-flex\">\n<div class=\"wp-block-button aligncenter\"><a class=\"wp-block-button__link has-orange-background-color has-background wp-element-button\" href=\"https:\/\/www.mirabel-crique.com\/\" style=\"padding-top:var(--wp--preset--spacing--30);padding-right:var(--wp--preset--spacing--30);padding-bottom:var(--wp--preset--spacing--30);padding-left:var(--wp--preset--spacing--30)\" target=\"_blank\" rel=\"noreferrer noopener\"><strong>Ich buche auf dem Campingplatz La Crique<\/strong><\/a><\/div>\n<\/div>\n\n\n\n<p><\/p>\n<\/div>\n<\/div>\n\n\n\n<div class=\"wp-block-buttons is-layout-flex wp-block-buttons-is-layout-flex\"><\/div>\n\n\n\n<p><\/p>","protected":false},"excerpt":{"rendered":"<p>A noter : nos deux autres campings Le Clos Tranquille ** et Les 4 Vaulx ** rouvriront le 1er mai. [&hellip;]<\/p>\n","protected":false},"author":2,"featured_media":8152,"comment_status":"closed","ping_status":"closed","sticky":false,"template":"","format":"standard","meta":{"_seopress_robots_primary_cat":"none","_seopress_titles_title":"R\u00e9ouverture de nos campings \u00e0 Saint Cast le Guildo","_seopress_titles_desc":"En C\u00f4tes d'Armor, nos deux campings Les Mielles et La Crique rouvrent leurs portes aux vacanciers en location.","_seopress_robots_index":"","footnotes":""},"categories":[1],"tags":[],"class_list":["post-8149","post","type-post","status-publish","format-standard","has-post-thumbnail","hentry","category-non-classifiee"],"_links":{"self":[{"href":"https:\/\/www.mirabel-mielles.com\/de\/wp-json\/wp\/v2\/posts\/8149","targetHints":{"allow":["GET"]}}],"collection":[{"href":"https:\/\/www.mirabel-mielles.com\/de\/wp-json\/wp\/v2\/posts"}],"about":[{"href":"https:\/\/www.mirabel-mielles.com\/de\/wp-json\/wp\/v2\/types\/post"}],"author":[{"embeddable":true,"href":"https:\/\/www.mirabel-mielles.com\/de\/wp-json\/wp\/v2\/users\/2"}],"replies":[{"embeddable":true,"href":"https:\/\/www.mirabel-mielles.com\/de\/wp-json\/wp\/v2\/comments?post=8149"}],"version-history":[{"count":13,"href":"https:\/\/www.mirabel-mielles.com\/de\/wp-json\/wp\/v2\/posts\/8149\/revisions"}],"predecessor-version":[{"id":9781,"href":"https:\/\/www.mirabel-mielles.com\/de\/wp-json\/wp\/v2\/posts\/8149\/revisions\/9781"}],"wp:featuredmedia":[{"embeddable":true,"href":"https:\/\/www.mirabel-mielles.com\/de\/wp-json\/wp\/v2\/media\/8152"}],"wp:attachment":[{"href":"https:\/\/www.mirabel-mielles.com\/de\/wp-json\/wp\/v2\/media?parent=8149"}],"wp:term":[{"taxonomy":"category","embeddable":true,"href":"https:\/\/www.mirabel-mielles.com\/de\/wp-json\/wp\/v2\/categories?post=8149"},{"taxonomy":"post_tag","embeddable":true,"href":"https:\/\/www.mirabel-mielles.com\/de\/wp-json\/wp\/v2\/tags?post=8149"}],"curies":[{"name":"WordPress","href":"https:\/\/api.w.org\/{rel}","templated":true}]}}