{"id":8203,"date":"2023-04-04T09:53:01","date_gmt":"2023-04-04T07:53:01","guid":{"rendered":"https:\/\/www.mirabel-mielles.com\/?p=8203"},"modified":"2024-06-24T12:39:42","modified_gmt":"2024-06-24T10:39:42","slug":"die-verlangerten-wochenenden-des-fruhlings-in-saint-cast-le-guildo","status":"publish","type":"post","link":"https:\/\/www.mirabel-mielles.com\/de\/les-week-ends-rallonge-du-printemps-a-saint-cast-le-guildo","title":{"rendered":"Die verl\u00e4ngerten Wochenenden des Fr\u00fchlings in Saint-Cast-le-Guildo"},"content":{"rendered":"<div class=\"wp-block-media-text alignwide is-stacked-on-mobile\"><figure class=\"wp-block-media-text__media\"><img loading=\"lazy\" decoding=\"async\" width=\"650\" height=\"433\" src=\"https:\/\/www.mirabel-mielles.com\/wp-content\/uploads\/2023\/04\/st-cast-digue-crtb-ad9568_PORIEL-Thibault-_-SB.jpg\" alt=\"saint cast le guildo Meeresk\u00fcste panoramablick\" class=\"wp-image-8211 size-full\" srcset=\"https:\/\/www.mirabel-mielles.com\/wp-content\/uploads\/2023\/04\/st-cast-digue-crtb-ad9568_PORIEL-Thibault-_-SB.jpg 650w, https:\/\/www.mirabel-mielles.com\/wp-content\/uploads\/2023\/04\/st-cast-digue-crtb-ad9568_PORIEL-Thibault-_-SB-300x200.jpg 300w\" sizes=\"auto, (max-width: 650px) 100vw, 650px\" \/><\/figure><div class=\"wp-block-media-text__content\">\n<h2 class=\"wp-block-heading\">3 Tage auf einem 4-Sterne-Campingplatz in den C\u00f4tes d'Armor ab 218\u20ac. <\/h2>\n\n\n\n<p>Ach, der Fr\u00fchling, der Gesang der V\u00f6gel und die h\u00fcbschen Blumen! Da m\u00f6chte man am liebsten ins Auto steigen und sich wieder mit der Natur verbinden. Was f\u00fcr ein Gl\u00fcck, wir haben zwei <strong>Mirabel Campings befindet sich in <a rel=\"noreferrer noopener\" href=\"https:\/\/www.mirabel-mielles.com\/de\/saint-cast-le-guildo\/\" target=\"_blank\">Saint-Cast-le-Guildo<\/a><\/strong>, in <strong>Stadtzentrum<\/strong> um alles zu Fu\u00df zu erledigen oder <strong>mit Blick auf das Meer <\/strong>mit Blick auf das Fort La Latte, Sie haben die Wahl! <\/p>\n\n\n\n<p>Unsere Campingpl\u00e4tze sind perfekt f\u00fcr <strong>ein Familienurlaub in den C\u00f4tes d'Armor<\/strong> direkt am Meer. Schnuppern Sie f\u00fcr ein paar Tage frische Luft und genie\u00dfen Sie die langen Wochenenden im Mai, die schon bald vor der T\u00fcr stehen. Wir haben Ihnen eine kleine Zusammenfassung zusammengestellt :<\/p>\n\n\n\n<ul class=\"wp-block-list\">\n<li>Montag, 10. April<\/li>\n\n\n\n<li>Montag, 1. Mai<\/li>\n\n\n\n<li>Montag, 8. Mai<\/li>\n\n\n\n<li>Donnerstag, 18. Mai<\/li>\n\n\n\n<li>Montag, 29. Mai<\/li>\n<\/ul>\n<\/div><\/div>\n\n\n\n<p><\/p>\n\n\n\n<p><\/p>\n\n\n\n<p>    <\/p>\n\n\n\n<div class=\"wp-block-media-text alignwide has-media-on-the-right is-stacked-on-mobile is-image-fill\"><div class=\"wp-block-media-text__content\">\n<h3 class=\"has-medium-font-size wp-block-heading\"><strong>Familienurlaub in der Bretagne auf unseren Mirabel-Campingpl\u00e4tzen<\/strong><\/h3>\n\n\n\n<p>Unser <strong>Campingplatz Mirabel Les Mielles<\/strong> ****, 200 m vom gro\u00dfen Strand von Saint Cast entfernt, empf\u00e4ngt Sie in <strong><a rel=\"noreferrer noopener\" href=\"https:\/\/www.mirabel-mielles.com\/de\/tarife-fur-die-vermietung-von-mobilheimen\/\" target=\"_blank\">voll ausgestattetes Mobilheim <\/a><\/strong>von April bis Oktober. Von 1 bis 3 Schlafzimmern k\u00f6nnen Sie die passende Unterkunft nach Ihren W\u00fcnschen und Bed\u00fcrfnissen ausw\u00e4hlen. Wenn Sie gro\u00dfe R\u00e4ume lieben, w\u00e4hlen Sie das <strong><a href=\"https:\/\/www.mirabel-crique.com\/\" target=\"_blank\" rel=\"noreferrer noopener\">Campingplatz Mirabel La Crique ***<\/a><\/strong> und seine <strong>Stellpl\u00e4tze mit Meerblick.<\/strong><\/p>\n\n\n\n<p><\/p>\n\n\n\n<h3 class=\"has-medium-font-size wp-block-heading\"><strong>Wanderungen in Saint-Cast-le-Guildo<\/strong><\/h3>\n\n\n\n<p>Wenn Sie die Natur lieben und gerne zu Fu\u00df gehen, sind Sie hier genau richtig.  Von <strong>zahlreiche Wanderungen<\/strong> sind in der N\u00e4he unserer Campingpl\u00e4tze zu machen. Der ber\u00fchmte<strong> GR34<\/strong> ist \u00fcbrigens von unserem <strong><a rel=\"noreferrer noopener\" href=\"https:\/\/www.mirabel-crique.com\/\" target=\"_blank\">Campingplatz La Crique<\/a><\/strong> und f\u00fchrt Sie zu den sch\u00f6nsten Str\u00e4nden der C\u00f4tes d'Armor. Ziehen Sie Ihre Schuhe an, packen Sie das Picknick ein und los geht's mit der Familie auf einer Wanderung entlang der K\u00fcste!<\/p>\n\n\n\n<p>Wenn Sie Ihre Reiseroute vor der Abreise planen m\u00f6chten, ist das <strong><a rel=\"noreferrer noopener\" href=\"https:\/\/www.cotesdarmor.com\/balades-et-randonnees\/a-pied\/gr34-sentier-des-douaniers\/\" target=\"_blank\">genau hier.<\/a><\/strong><\/p>\n\n\n\n<p><\/p>\n\n\n\n<p>   <\/p>\n\n\n\n<div class=\"wp-block-buttons is-layout-flex wp-block-buttons-is-layout-flex\">\n<div class=\"wp-block-button\"><a class=\"wp-block-button__link has-orange-background-color has-background wp-element-button\" href=\"https:\/\/bookingpremium.secureholiday.net\/FR\/2864\/search\/product-list?dateStart=&amp;dateEnd=&amp;_gl=1%2ai6hd3r%2a_ga%2aMTQ5MDEwNDIwMi4xNjc4NDQ2OTcz%2a_ga_CSW9KNTTH9%2aMTY4MDUzMjA4OC4xMy4xLjE2ODA1MzQyNDEuMC4wLjA.&amp;filterStatus=showPeriod\" target=\"_blank\" rel=\"noreferrer noopener\"><strong>Ich buche mein Wochenende<\/strong><\/a><\/div>\n<\/div>\n<\/div><figure class=\"wp-block-media-text__media\" style=\"background-image:url(https:\/\/www.mirabel-mielles.com\/wp-content\/uploads\/2022\/09\/2-car-erquy-4-1024x683.jpg);background-position:50% 50%\"><img loading=\"lazy\" decoding=\"async\" width=\"1024\" height=\"683\" src=\"https:\/\/www.mirabel-mielles.com\/wp-content\/uploads\/2022\/09\/2-car-erquy-4-1024x683.jpg\" alt=\"wanderung car d&#039;erquy c\u00f4tes d&#039;armor\" class=\"wp-image-6203 size-full\" srcset=\"https:\/\/www.mirabel-mielles.com\/wp-content\/uploads\/2022\/09\/2-car-erquy-4-1024x683.jpg 1024w, https:\/\/www.mirabel-mielles.com\/wp-content\/uploads\/2022\/09\/2-car-erquy-4-300x200.jpg 300w, https:\/\/www.mirabel-mielles.com\/wp-content\/uploads\/2022\/09\/2-car-erquy-4-768x512.jpg 768w, https:\/\/www.mirabel-mielles.com\/wp-content\/uploads\/2022\/09\/2-car-erquy-4.jpg 1200w\" sizes=\"auto, (max-width: 1024px) 100vw, 1024px\" \/><\/figure><\/div>","protected":false},"excerpt":{"rendered":"","protected":false},"author":2,"featured_media":8206,"comment_status":"closed","ping_status":"closed","sticky":false,"template":"","format":"standard","meta":{"_seopress_robots_primary_cat":"none","_seopress_titles_title":"Week-ends de printemps \u00e0 Saint Cast le Guildo.","_seopress_titles_desc":"En mai, c'est le retour des jours f\u00e9ri\u00e9s et des week-ends prolong\u00e9s. Nos campings 4 et 3 \u00e9toiles \u00e0 Saint Cast le Guildo vous accueillent.","_seopress_robots_index":"","footnotes":""},"categories":[1],"tags":[],"class_list":["post-8203","post","type-post","status-publish","format-standard","has-post-thumbnail","hentry","category-non-classifiee"],"_links":{"self":[{"href":"https:\/\/www.mirabel-mielles.com\/de\/wp-json\/wp\/v2\/posts\/8203","targetHints":{"allow":["GET"]}}],"collection":[{"href":"https:\/\/www.mirabel-mielles.com\/de\/wp-json\/wp\/v2\/posts"}],"about":[{"href":"https:\/\/www.mirabel-mielles.com\/de\/wp-json\/wp\/v2\/types\/post"}],"author":[{"embeddable":true,"href":"https:\/\/www.mirabel-mielles.com\/de\/wp-json\/wp\/v2\/users\/2"}],"replies":[{"embeddable":true,"href":"https:\/\/www.mirabel-mielles.com\/de\/wp-json\/wp\/v2\/comments?post=8203"}],"version-history":[{"count":10,"href":"https:\/\/www.mirabel-mielles.com\/de\/wp-json\/wp\/v2\/posts\/8203\/revisions"}],"predecessor-version":[{"id":9780,"href":"https:\/\/www.mirabel-mielles.com\/de\/wp-json\/wp\/v2\/posts\/8203\/revisions\/9780"}],"wp:featuredmedia":[{"embeddable":true,"href":"https:\/\/www.mirabel-mielles.com\/de\/wp-json\/wp\/v2\/media\/8206"}],"wp:attachment":[{"href":"https:\/\/www.mirabel-mielles.com\/de\/wp-json\/wp\/v2\/media?parent=8203"}],"wp:term":[{"taxonomy":"category","embeddable":true,"href":"https:\/\/www.mirabel-mielles.com\/de\/wp-json\/wp\/v2\/categories?post=8203"},{"taxonomy":"post_tag","embeddable":true,"href":"https:\/\/www.mirabel-mielles.com\/de\/wp-json\/wp\/v2\/tags?post=8203"}],"curies":[{"name":"WordPress","href":"https:\/\/api.w.org\/{rel}","templated":true}]}}