{"id":8273,"date":"2023-04-21T12:07:36","date_gmt":"2023-04-21T10:07:36","guid":{"rendered":"https:\/\/www.mirabel-mielles.com\/?p=8273"},"modified":"2024-06-24T12:39:06","modified_gmt":"2024-06-24T10:39:06","slug":"wiedereroffnung-unserer-2-sterne-mirabel-campings-in-saint-cast-le-guildo","status":"publish","type":"post","link":"https:\/\/www.mirabel-mielles.com\/de\/reouverture-de-nos-campings-mirabel-2-etoiles-a-saint-cast-le-guildo","title":{"rendered":"Wiederer\u00f6ffnung unserer 2-Sterne-Campingpl\u00e4tze Mirabel in Saint-Cast-le-Guildo"},"content":{"rendered":"<div class=\"wp-block-media-text alignwide is-stacked-on-mobile\"><figure class=\"wp-block-media-text__media\"><img decoding=\"async\" src=\"https:\/\/www.mirabel-mielles.com\/wp-content\/uploads\/2023\/04\/ouverture-campings-4vaulx-web.jpg\" alt=\"\" class=\"wp-image-8279 size-full\"\/><\/figure><div class=\"wp-block-media-text__content\">\n<h2 class=\"wp-block-heading\">Unsere Campingpl\u00e4tze inmitten der Natur nahe am Meer <\/h2>\n\n\n\n<p>Ab kommenden Freitag, dem 28. April, werden unsere beiden Campings Mirabel<strong> <a rel=\"noreferrer noopener\" href=\"https:\/\/www.mirabel-clostranquille.com\/\" target=\"_blank\">Le Clos Tranquille<\/a><\/strong> und <a rel=\"noreferrer noopener\" href=\"https:\/\/www.mirabel-4vaulx.com\/\" target=\"_blank\"><strong>Die 4 Vaulx<\/strong><\/a> \u00f6ffnen wieder ihre Tore f\u00fcr Ferienvermietungen. Ger\u00e4umige nackte Stellpl\u00e4tze f\u00fcr Ihr Zelt oder Ihren Wohnwagen\/Wohnmobil, <a rel=\"noreferrer noopener\" href=\"https:\/\/www.mirabel-clostranquille.com\/tarifs-locations-mobilhomes\/\" target=\"_blank\"><strong>voll ausgestattetes Mobilheim<\/strong><\/a> oder <a rel=\"noreferrer noopener\" href=\"https:\/\/www.mirabel-4vaulx.com\/location-cocosweet\/\" target=\"_blank\"><strong>ungew\u00f6hnliche Unterkunft<\/strong><\/a> wie das \u00abCoco Sweet\u00bb, haben Sie die Wahl. Der eine mit dem Meer am Fu\u00dfe des Campingplatzes, der andere 800 m entfernt. Die Lage ist ideal, um das Wasser f\u00fcr eine Partie Angeln zu Fu\u00df oder einen faulen Nachmittag auf dem Handtuch zu nutzen!<\/p>\n\n\n\n<p>Sie k\u00f6nnen f\u00fcr ein Wochenende oder einige Wochen in<strong> Saint-Cast-le-Guildo<\/strong> mit Ihren Freunden oder Ihrer ganzen Familie, k\u00f6nnen unsere Unterk\u00fcnfte beherbergen<strong>r bis zu 6 Personen<\/strong>. Wenn Sie mit leichtem Gep\u00e4ck reisen m\u00f6chten, denken Sie daran, Bettw\u00e4sche und ein Babyset f\u00fcr kleine Kinder zu mieten. <\/p>\n\n\n\n<p><\/p>\n\n\n\n<h2 class=\"wp-block-heading texte-rond has-orange-color has-text-color has-large-font-size\">La Cabane - la Brasserie f\u00fcr eine lokale Mahlzeit mit Blick auf das Meer <\/h2>\n\n\n\n<p>Angrenzend an den Campingplatz Mirabel des 4 Vaulx und nur 10 Gehminuten vom Campingplatz Mirabel Le Clos Tranquille entfernt, befindet sich die Brauerei <a rel=\"noreferrer noopener\" href=\"https:\/\/www.facebook.com\/lacabane4vaulx\" target=\"_blank\"><strong>Die H\u00fctte<\/strong><\/a> d'Aymeric empf\u00e4ngt Sie die ganze Saison \u00fcber. Kommen Sie und nehmen Sie einen <strong>kleiner Drink gegen\u00fcber dem Strand<\/strong> der 4 Vaulx, oder ein vor Ort gekochtes Gericht genie\u00dfen, das auf dem Grill zubereitet wird. Die <strong>Produkte sind lokal und saisonal<\/strong>. Sie k\u00f6nnen auch Meeresfr\u00fcchte, Fisch und Schalentiere genie\u00dfen, die am selben Tag gefangen werden. Wir empfehlen Ihnen jedoch, im Voraus zu reservieren (07 60 42 72 95), da La Cabane oft Opfer seines Erfolgs ist! <\/p>\n<\/div><\/div>","protected":false},"excerpt":{"rendered":"<p>Nos campings en pleine nature proche de la mer D\u00e8s vendredi 28 avril prochain, nos deux Campings Mirabel Le Clos [&hellip;]<\/p>\n","protected":false},"author":2,"featured_media":8279,"comment_status":"closed","ping_status":"closed","sticky":false,"template":"","format":"standard","meta":{"_seopress_robots_primary_cat":"none","_seopress_titles_title":"R\u00e9ouverture de nos Campings Mirabel Saint Cast le Guildo","_seopress_titles_desc":"Pour vos prochaines vacances en C\u00f4tes d'Armor en mobil-home ou en emplacement avec tente ou camping-car.","_seopress_robots_index":"","footnotes":""},"categories":[1],"tags":[],"class_list":["post-8273","post","type-post","status-publish","format-standard","has-post-thumbnail","hentry","category-non-classifiee"],"_links":{"self":[{"href":"https:\/\/www.mirabel-mielles.com\/de\/wp-json\/wp\/v2\/posts\/8273","targetHints":{"allow":["GET"]}}],"collection":[{"href":"https:\/\/www.mirabel-mielles.com\/de\/wp-json\/wp\/v2\/posts"}],"about":[{"href":"https:\/\/www.mirabel-mielles.com\/de\/wp-json\/wp\/v2\/types\/post"}],"author":[{"embeddable":true,"href":"https:\/\/www.mirabel-mielles.com\/de\/wp-json\/wp\/v2\/users\/2"}],"replies":[{"embeddable":true,"href":"https:\/\/www.mirabel-mielles.com\/de\/wp-json\/wp\/v2\/comments?post=8273"}],"version-history":[{"count":4,"href":"https:\/\/www.mirabel-mielles.com\/de\/wp-json\/wp\/v2\/posts\/8273\/revisions"}],"predecessor-version":[{"id":9779,"href":"https:\/\/www.mirabel-mielles.com\/de\/wp-json\/wp\/v2\/posts\/8273\/revisions\/9779"}],"wp:featuredmedia":[{"embeddable":true,"href":"https:\/\/www.mirabel-mielles.com\/de\/wp-json\/wp\/v2\/media\/8279"}],"wp:attachment":[{"href":"https:\/\/www.mirabel-mielles.com\/de\/wp-json\/wp\/v2\/media?parent=8273"}],"wp:term":[{"taxonomy":"category","embeddable":true,"href":"https:\/\/www.mirabel-mielles.com\/de\/wp-json\/wp\/v2\/categories?post=8273"},{"taxonomy":"post_tag","embeddable":true,"href":"https:\/\/www.mirabel-mielles.com\/de\/wp-json\/wp\/v2\/tags?post=8273"}],"curies":[{"name":"WordPress","href":"https:\/\/api.w.org\/{rel}","templated":true}]}}