{"id":8638,"date":"2023-07-17T17:29:51","date_gmt":"2023-07-17T15:29:51","guid":{"rendered":"https:\/\/www.mirabel-mielles.com\/?p=8638"},"modified":"2024-06-24T14:13:26","modified_gmt":"2024-06-24T12:13:26","slug":"die-herausforderungen-inter-camping-mirabel-de-lete-2023-auf-dem-camping-les-mielles","status":"publish","type":"post","link":"https:\/\/www.mirabel-mielles.com\/de\/les-defis-inter-camping-mirabel-de-lete-2023-au-camping-les-mielles","title":{"rendered":"Mirabel Inter-Camping-Herausforderungen im Sommer 2023 auf dem Campingplatz Les Mielles"},"content":{"rendered":"<p>F\u00fcr noch mehr Spa\u00df und gemeinsame Momente bieten wir bei Mirabel Campings &amp; R\u00e9sidences den ganzen Sommer \u00fcber Highlights auf unseren 4-Sterne-Campingpl\u00e4tzen, darunter der Campingplatz Mirabel Les Mielles in Saint Cast le Guildo.<\/p>\n\n\n\n<div class=\"wp-block-media-text alignwide is-stacked-on-mobile\" style=\"grid-template-columns:35% auto\"><figure class=\"wp-block-media-text__media\"><img loading=\"lazy\" decoding=\"async\" width=\"724\" height=\"1024\" src=\"https:\/\/www.mirabel-mielles.com\/wp-content\/uploads\/2023\/07\/WEB-Journee-deguisee-26juillet-724x1024.jpg\" alt=\"Verkleidungstag Superhelden Camping Mirabel Les Mielles Juli\" class=\"wp-image-8641 size-full\" srcset=\"https:\/\/www.mirabel-mielles.com\/wp-content\/uploads\/2023\/07\/WEB-Journee-deguisee-26juillet-724x1024.jpg 724w, https:\/\/www.mirabel-mielles.com\/wp-content\/uploads\/2023\/07\/WEB-Journee-deguisee-26juillet-212x300.jpg 212w, https:\/\/www.mirabel-mielles.com\/wp-content\/uploads\/2023\/07\/WEB-Journee-deguisee-26juillet-768x1086.jpg 768w, https:\/\/www.mirabel-mielles.com\/wp-content\/uploads\/2023\/07\/WEB-Journee-deguisee-26juillet-1086x1536.jpg 1086w, https:\/\/www.mirabel-mielles.com\/wp-content\/uploads\/2023\/07\/WEB-Journee-deguisee-26juillet.jpg 1200w\" sizes=\"auto, (max-width: 724px) 100vw, 724px\" \/><\/figure><div class=\"wp-block-media-text__content\">\n<h3 class=\"wp-block-heading\">Der gro\u00dfe Verkleidungstag am Mittwoch, den 26. Juli<\/h3>\n\n\n\n<p>Zum zweiten Mal wird Ihr <strong>Campingplatz Les Mielles in Saint Cast<\/strong> organisiert, gleichzeitig mit den anderen belebten Mirabel-Campingpl\u00e4tzen, <strong>ein verkleideter Tag<\/strong>. Kinder wie Eltern, Betreuer wie Empfangspersonal, alle sind eingeladen, sich f\u00fcr diese <strong>gro\u00dfe Party auf dem Campingplatz<\/strong>. Merken Sie sich das Thema, damit Sie Ihren Koffer mit Ihrer besten Verkleidung beladen k\u00f6nnen: Superhelden VS Superschurken und es ist <strong>kommenden Mittwoch, den 26. Juli<\/strong> ! <\/p>\n<\/div><\/div>\n\n\n\n<div class=\"wp-block-media-text alignwide has-media-on-the-right is-stacked-on-mobile\" style=\"grid-template-columns:auto 30%\"><div class=\"wp-block-media-text__content\">\n<h3 class=\"wp-block-heading\">Intercamping-Herausforderung: Der Sommerclip! <\/h3>\n\n\n\n<p>Sie werden ihn in den n\u00e4chsten Animationspl\u00e4nen von Les Mielles vorbeikommen sehen, den <strong>Herausforderung Mirabel 2023<\/strong> ist die Herstellung eines Videoclips von A bis Z. Mit Charly und Lorine, Ihren Animateuren, werden Sie Folgendes schaffen <strong>DAS Video des Sommers<\/strong> der wird <strong>der Buzz in Les Mielles<\/strong>. Es soll dynamisch, lustig, unterhaltsam, kurzum: nach deinem Bild sein! Machen Sie den besten Videoclip Mirabel 2023 und <strong>lassen Sie Ihren Campingplatz gewinnen <\/strong>! <\/p>\n<\/div><figure class=\"wp-block-media-text__media\"><img loading=\"lazy\" decoding=\"async\" width=\"724\" height=\"1024\" src=\"https:\/\/www.mirabel-mielles.com\/wp-content\/uploads\/2023\/07\/WEB-Challenge-clip-video-2023-724x1024.jpg\" alt=\"clip video herausforderung intercamping Mirabel sommer 2023\" class=\"wp-image-8644 size-full\" srcset=\"https:\/\/www.mirabel-mielles.com\/wp-content\/uploads\/2023\/07\/WEB-Challenge-clip-video-2023-724x1024.jpg 724w, https:\/\/www.mirabel-mielles.com\/wp-content\/uploads\/2023\/07\/WEB-Challenge-clip-video-2023-212x300.jpg 212w, https:\/\/www.mirabel-mielles.com\/wp-content\/uploads\/2023\/07\/WEB-Challenge-clip-video-2023-768x1087.jpg 768w, https:\/\/www.mirabel-mielles.com\/wp-content\/uploads\/2023\/07\/WEB-Challenge-clip-video-2023-1086x1536.jpg 1086w, https:\/\/www.mirabel-mielles.com\/wp-content\/uploads\/2023\/07\/WEB-Challenge-clip-video-2023.jpg 1200w\" sizes=\"auto, (max-width: 724px) 100vw, 724px\" \/><\/figure><\/div>","protected":false},"excerpt":{"rendered":"<p>Pour toujours plus d&rsquo;amusement et de moments partag\u00e9s, chez Mirabel Campings &amp; R\u00e9sidences, nous vous proposons des temps forts tout [&hellip;]<\/p>\n","protected":false},"author":2,"featured_media":8641,"comment_status":"closed","ping_status":"closed","sticky":false,"template":"","format":"standard","meta":{"_seopress_robots_primary_cat":"none","_seopress_titles_title":"D\u00e9fi inter-camping Camping les Mielles Saint Cast le Guildo","_seopress_titles_desc":"Pour cet \u00e9t\u00e9, participez aux temps forts Mirabel en r\u00e9alisant le plus beau clip vid\u00e9o de nos campings 4 \u00e9toiles.","_seopress_robots_index":"","footnotes":""},"categories":[1],"tags":[],"class_list":["post-8638","post","type-post","status-publish","format-standard","has-post-thumbnail","hentry","category-non-classifiee"],"_links":{"self":[{"href":"https:\/\/www.mirabel-mielles.com\/de\/wp-json\/wp\/v2\/posts\/8638","targetHints":{"allow":["GET"]}}],"collection":[{"href":"https:\/\/www.mirabel-mielles.com\/de\/wp-json\/wp\/v2\/posts"}],"about":[{"href":"https:\/\/www.mirabel-mielles.com\/de\/wp-json\/wp\/v2\/types\/post"}],"author":[{"embeddable":true,"href":"https:\/\/www.mirabel-mielles.com\/de\/wp-json\/wp\/v2\/users\/2"}],"replies":[{"embeddable":true,"href":"https:\/\/www.mirabel-mielles.com\/de\/wp-json\/wp\/v2\/comments?post=8638"}],"version-history":[{"count":3,"href":"https:\/\/www.mirabel-mielles.com\/de\/wp-json\/wp\/v2\/posts\/8638\/revisions"}],"predecessor-version":[{"id":9789,"href":"https:\/\/www.mirabel-mielles.com\/de\/wp-json\/wp\/v2\/posts\/8638\/revisions\/9789"}],"wp:featuredmedia":[{"embeddable":true,"href":"https:\/\/www.mirabel-mielles.com\/de\/wp-json\/wp\/v2\/media\/8641"}],"wp:attachment":[{"href":"https:\/\/www.mirabel-mielles.com\/de\/wp-json\/wp\/v2\/media?parent=8638"}],"wp:term":[{"taxonomy":"category","embeddable":true,"href":"https:\/\/www.mirabel-mielles.com\/de\/wp-json\/wp\/v2\/categories?post=8638"},{"taxonomy":"post_tag","embeddable":true,"href":"https:\/\/www.mirabel-mielles.com\/de\/wp-json\/wp\/v2\/tags?post=8638"}],"curies":[{"name":"WordPress","href":"https:\/\/api.w.org\/{rel}","templated":true}]}}