{"id":6277,"date":"2022-09-27T10:31:33","date_gmt":"2022-09-27T08:31:33","guid":{"rendered":"https:\/\/www.mirabel-mielles.com\/?p=6277"},"modified":"2024-06-24T14:15:53","modified_gmt":"2024-06-24T12:15:53","slug":"mirabel-2022-verkleedwedstrijd","status":"publish","type":"post","link":"https:\/\/www.mirabel-mielles.com\/nl\/grand-concours-de-deguisement-mirabel-2022","title":{"rendered":"Mirabel 2022 verkleedwedstrijd"},"content":{"rendered":"<div class=\"wp-block-columns is-layout-flex wp-container-core-columns-is-layout-28f84493 wp-block-columns-is-layout-flex\">\n<div class=\"wp-block-column is-vertically-aligned-center is-layout-flow wp-block-column-is-layout-flow\" style=\"flex-basis:33.33%\">\n<figure class=\"wp-block-image size-large\"><img loading=\"lazy\" decoding=\"async\" width=\"724\" height=\"1024\" src=\"https:\/\/www.mirabel-mielles.com\/wp-content\/uploads\/2022\/09\/Journee-deguisee-20juillet-724x1024.jpg\" alt=\"\" class=\"wp-image-6279\" srcset=\"https:\/\/www.mirabel-mielles.com\/wp-content\/uploads\/2022\/09\/Journee-deguisee-20juillet-724x1024.jpg 724w, https:\/\/www.mirabel-mielles.com\/wp-content\/uploads\/2022\/09\/Journee-deguisee-20juillet-212x300.jpg 212w, https:\/\/www.mirabel-mielles.com\/wp-content\/uploads\/2022\/09\/Journee-deguisee-20juillet-768x1087.jpg 768w, https:\/\/www.mirabel-mielles.com\/wp-content\/uploads\/2022\/09\/Journee-deguisee-20juillet-1086x1536.jpg 1086w, https:\/\/www.mirabel-mielles.com\/wp-content\/uploads\/2022\/09\/Journee-deguisee-20juillet.jpg 1200w\" sizes=\"auto, (max-width: 724px) 100vw, 724px\" \/><\/figure>\n<\/div>\n\n\n\n<div class=\"wp-block-column is-layout-flow wp-block-column-is-layout-flow\" style=\"flex-basis:66.66%\">\n<h2 class=\"wp-block-heading\">Trek je kostuums aan!<\/h2>\n\n\n\n<p>Het is het evenement van de maand op al onze Mirabel campings. Op woensdag 20 juli is er een grote verkleeddag, met een verkiezing voor de mooiste verkleedkleding per camping. Voor de gelegenheid worden alle vakantiegangers en medewerkers uitgenodigd om zich op hun mooist te verkleden. Hoe kleurrijker, hoe meer glitter, hoe leuker! Verzamelen om 20.30 uur bij de animatieruimte van camping Les Mielles voor de grote parade + verkiezing van de mooiste verkleedkleding van jouw camping.<\/p>\n\n\n\n<h2 class=\"wp-block-heading\">Wie wordt verkozen tot \u00abMooiste kostuum van Mirabel 2022\u00bb?<\/h2>\n\n\n\n<p>Na deze eerste stemming per camping zal er een tweede stemming plaatsvinden op onze sociale netwerken om DE MIRABEL 2022 MEEST GEWELDIGE KLEDING te kiezen, alle campings meegerekend! Bereid je dus voor met je outfits en je foto's!<\/p>\n\n\n\n<p>Om meer kans te maken, deel je foto's op sociale netwerken (Facebook, Instagram) door de pagina \u00abCampings Mirabel Saint-Cast-le-Guildo\u00bb en de groepspagina \u00abMirabel Campings &amp; R\u00e9sidences\u00bb te taggen.\u00bb<\/p>\n<\/div>\n<\/div>","protected":false},"excerpt":{"rendered":"<p>\u00c0 vos costumes ! C\u2019est l\u2019\u00e9v\u00e8nement de ce mois de juillet dans tous nos campings Mirabel. Grande journ\u00e9e d\u00e9guis\u00e9e avec [&hellip;]<\/p>\n","protected":false},"author":1,"featured_media":6279,"comment_status":"open","ping_status":"open","sticky":false,"template":"","format":"standard","meta":{"_seopress_robots_primary_cat":"none","_seopress_titles_title":"Camping avec animations - Mirabel Les Mielles","_seopress_titles_desc":"Le camping Les Mielles \u00e0 Saint Cast le Guildo vous propose un large planning d'activit\u00e9s et animations. Vous n'aurez pas le temps de vous ennuyer.","_seopress_robots_index":"","footnotes":""},"categories":[1],"tags":[],"class_list":["post-6277","post","type-post","status-publish","format-standard","has-post-thumbnail","hentry","category-non-classifiee"],"_links":{"self":[{"href":"https:\/\/www.mirabel-mielles.com\/nl\/wp-json\/wp\/v2\/posts\/6277","targetHints":{"allow":["GET"]}}],"collection":[{"href":"https:\/\/www.mirabel-mielles.com\/nl\/wp-json\/wp\/v2\/posts"}],"about":[{"href":"https:\/\/www.mirabel-mielles.com\/nl\/wp-json\/wp\/v2\/types\/post"}],"author":[{"embeddable":true,"href":"https:\/\/www.mirabel-mielles.com\/nl\/wp-json\/wp\/v2\/users\/1"}],"replies":[{"embeddable":true,"href":"https:\/\/www.mirabel-mielles.com\/nl\/wp-json\/wp\/v2\/comments?post=6277"}],"version-history":[{"count":2,"href":"https:\/\/www.mirabel-mielles.com\/nl\/wp-json\/wp\/v2\/posts\/6277\/revisions"}],"predecessor-version":[{"id":9803,"href":"https:\/\/www.mirabel-mielles.com\/nl\/wp-json\/wp\/v2\/posts\/6277\/revisions\/9803"}],"wp:featuredmedia":[{"embeddable":true,"href":"https:\/\/www.mirabel-mielles.com\/nl\/wp-json\/wp\/v2\/media\/6279"}],"wp:attachment":[{"href":"https:\/\/www.mirabel-mielles.com\/nl\/wp-json\/wp\/v2\/media?parent=6277"}],"wp:term":[{"taxonomy":"category","embeddable":true,"href":"https:\/\/www.mirabel-mielles.com\/nl\/wp-json\/wp\/v2\/categories?post=6277"},{"taxonomy":"post_tag","embeddable":true,"href":"https:\/\/www.mirabel-mielles.com\/nl\/wp-json\/wp\/v2\/tags?post=6277"}],"curies":[{"name":"wp","href":"https:\/\/api.w.org\/{rel}","templated":true}]}}