{"id":8093,"date":"2023-03-08T09:00:00","date_gmt":"2023-03-08T08:00:00","guid":{"rendered":"https:\/\/www.mirabel-mielles.com\/?p=8093"},"modified":"2025-08-28T09:46:19","modified_gmt":"2025-08-28T07:46:19","slug":"dag-7-voor-heropening","status":"publish","type":"post","link":"https:\/\/www.mirabel-mielles.com\/nl\/j-7-avant-la-reouverture","title":{"rendered":"Nog maar 7 dagen te gaan voordat onze bewoners weer naar binnen mogen!"},"content":{"rendered":"<div class=\"wp-block-media-text alignwide is-stacked-on-mobile\"><figure class=\"wp-block-media-text__media\"><img loading=\"lazy\" decoding=\"async\" width=\"700\" height=\"700\" src=\"https:\/\/www.mirabel-mielles.com\/wp-content\/uploads\/2023\/03\/maison-vacances-B.jpg\" alt=\"\" class=\"wp-image-8096 size-full\" srcset=\"https:\/\/www.mirabel-mielles.com\/wp-content\/uploads\/2023\/03\/maison-vacances-B.jpg 700w, https:\/\/www.mirabel-mielles.com\/wp-content\/uploads\/2023\/03\/maison-vacances-B-300x300.jpg 300w, https:\/\/www.mirabel-mielles.com\/wp-content\/uploads\/2023\/03\/maison-vacances-B-150x150.jpg 150w\" sizes=\"auto, (max-width: 700px) 100vw, 700px\" \/><\/figure><div class=\"wp-block-media-text__content\">\n<p class=\"texte-rond has-orange-color has-text-color has-large-font-size\">We kijken uit naar je komst<\/p>\n\n\n\n<p>Onze camping Les Mielles in Saint-Cast-le-Guildo staat op het punt zijn deuren weer voor je te openen. <strong>Woensdag 15 maart<\/strong> Binnenkort heb je weer toegang tot je vakantiehuis voor nieuwe avonturen. <strong>momenten van geluk<\/strong> om met je familie te delen. <\/p>\n\n\n\n<p>Onze campings La Crique en Le Clos Tranquille gaan ook weer open voor de bewoners op 15 maart.  We zijn blij u weer te mogen verwelkomen voor een nieuw seizoen en kijken ernaar uit u te mogen verwelkomen op onze campings. <\/p>\n\n\n\n<p>Je favoriete campings in de C\u00f4tes d'Armor worden de hele winter onderhouden en door onze teams in de watten gelegd om je het allerbeste te bieden. <strong>hartelijk welkom<\/strong> voor uw terugkeer. We kijken uit naar uw weekends en vakanties aan de Smaragdkust in onze mooie badplaats Saint-Cast.<\/p>\n\n\n\n<p>Tot ziens!<\/p>\n<\/div><\/div>","protected":false},"excerpt":{"rendered":"<p>Nous avons h\u00e2te de vous retrouver Notre camping Les Mielles \u00e0 Saint-Cast-le-Guildo est sur le point de vous rouvrir ses [&hellip;]<\/p>\n","protected":false},"author":2,"featured_media":8096,"comment_status":"closed","ping_status":"closed","sticky":false,"template":"","format":"standard","meta":{"_seopress_robots_primary_cat":"none","_seopress_titles_title":"Ouverture du camping \u00e0 St Cast aux R\u00e9sidents","_seopress_titles_desc":"R\u00e9ouverture du camping pour les r\u00e9sidents. Venez tout de suite profiter du calme et de la tranquillit\u00e9 de l'avant saison en Bretagne.","_seopress_robots_index":"","footnotes":""},"categories":[1],"tags":[],"class_list":["post-8093","post","type-post","status-publish","format-standard","has-post-thumbnail","hentry","category-non-classifiee"],"_links":{"self":[{"href":"https:\/\/www.mirabel-mielles.com\/nl\/wp-json\/wp\/v2\/posts\/8093","targetHints":{"allow":["GET"]}}],"collection":[{"href":"https:\/\/www.mirabel-mielles.com\/nl\/wp-json\/wp\/v2\/posts"}],"about":[{"href":"https:\/\/www.mirabel-mielles.com\/nl\/wp-json\/wp\/v2\/types\/post"}],"author":[{"embeddable":true,"href":"https:\/\/www.mirabel-mielles.com\/nl\/wp-json\/wp\/v2\/users\/2"}],"replies":[{"embeddable":true,"href":"https:\/\/www.mirabel-mielles.com\/nl\/wp-json\/wp\/v2\/comments?post=8093"}],"version-history":[{"count":4,"href":"https:\/\/www.mirabel-mielles.com\/nl\/wp-json\/wp\/v2\/posts\/8093\/revisions"}],"predecessor-version":[{"id":9799,"href":"https:\/\/www.mirabel-mielles.com\/nl\/wp-json\/wp\/v2\/posts\/8093\/revisions\/9799"}],"wp:featuredmedia":[{"embeddable":true,"href":"https:\/\/www.mirabel-mielles.com\/nl\/wp-json\/wp\/v2\/media\/8096"}],"wp:attachment":[{"href":"https:\/\/www.mirabel-mielles.com\/nl\/wp-json\/wp\/v2\/media?parent=8093"}],"wp:term":[{"taxonomy":"category","embeddable":true,"href":"https:\/\/www.mirabel-mielles.com\/nl\/wp-json\/wp\/v2\/categories?post=8093"},{"taxonomy":"post_tag","embeddable":true,"href":"https:\/\/www.mirabel-mielles.com\/nl\/wp-json\/wp\/v2\/tags?post=8093"}],"curies":[{"name":"wp","href":"https:\/\/api.w.org\/{rel}","templated":true}]}}