{"id":8149,"date":"2023-03-24T15:22:00","date_gmt":"2023-03-24T14:22:00","guid":{"rendered":"https:\/\/www.mirabel-mielles.com\/?p=8149"},"modified":"2024-06-24T12:39:53","modified_gmt":"2024-06-24T10:39:53","slug":"heropening-voor-verhuur","status":"publish","type":"post","link":"https:\/\/www.mirabel-mielles.com\/nl\/reouverture-a-la-location","title":{"rendered":"Heropening voor verhuur"},"content":{"rendered":"<div class=\"wp-block-media-text alignwide has-media-on-the-right is-stacked-on-mobile\"><div class=\"wp-block-media-text__content\">\n<h2 class=\"wp-block-heading\">D - 15 voor heropening voor verhuur<\/h2>\n\n\n\n<p>Tijd om samen te komen! Uw campings<strong><a href=\"https:\/\/www.mirabel-mielles.com\/nl\/huurprijzen-stacaravans\/\" target=\"_blank\" rel=\"noreferrer noopener\"> Les Mielles****<\/a> en <a href=\"https:\/\/www.mirabel-crique.com\/\" target=\"_blank\" rel=\"noreferrer noopener\">La Crique***<\/a> <\/strong>in Saint-Cast-le-Guildo <strong>heropenen hun deuren op 7 april<\/strong> voor vakantieverblijven en staanplaatsen. Ter plaatse werken onze teams hard om ervoor te zorgen dat alles klaar is om je een kwaliteitsvol onthaal te bieden en dit nieuwe seizoen samen met jou te beginnen! <\/p>\n\n\n\n<p>Met de <strong>Paasvakantie en lange weekenden in mei <\/strong>nu is het tijd voor een kleine pauze <strong><a href=\"https:\/\/www.cotesdarmor.com\/\" target=\"_blank\" rel=\"noreferrer noopener\">in C\u00f4tes d'Armor<\/a><\/strong> om nieuwe energie op te doen. In het centrum van de stad of met uitzicht op zee, de keuze is aan jou. Je kunt ook profiteren van <strong>het verwarmde zwembad<\/strong> Camping Les Mielles, onze speeltuinen en alle faciliteiten die tot uw beschikking staan.<\/p>\n\n\n\n<p class=\"texte-rond has-orange-color has-text-color has-large-font-size\">Onze vakantiewoningen voor een geweldig verblijf!<\/p>\n\n\n\n<p>Onze campings in <a rel=\"noreferrer noopener\" href=\"https:\/\/villedesaintcastleguildo.fr\/\" target=\"_blank\">Saint-Cast-le-Guildo<\/a> hebben het geluk om alle soorten accommodatie aan te bieden:<\/p>\n\n\n\n<ul class=\"wp-block-list\">\n<li><strong>Volledig ingerichte stacaravans <\/strong>voor een comfortabele en rustige vakantie. Je kunt verblijven <strong>tot 6 personen <\/strong>in onze appartementen met 1 tot 3 slaapkamers met keuken, woonkamer en priv\u00e9terras met tuinmeubilair.<\/li>\n\n\n\n<li><strong>Le Tit'Home<\/strong> brengt je de perfecte mix van stacaravan en caravan. Deze <strong>atypische accommodatie met 2 slaapkamers<\/strong> en is geschikt voor maximaal 5 personen, een kitchenette voor je maaltijden en een overdekt terras. Met uitzicht op zee en Fort La Latte zul je de eenvoud waarderen.<\/li>\n\n\n\n<li><strong>Kale staanplaatsen<\/strong> voor <strong>camping liefhebbers<\/strong> in een tent, caravan of camper. Zet je kamp op, haal de luifel en ligstoelen tevoorschijn en geniet van de zon. <strong>verblijf 100% natuur.<\/strong><\/li>\n<\/ul>\n<\/div><figure class=\"wp-block-media-text__media\"><img loading=\"lazy\" decoding=\"async\" width=\"1000\" height=\"1000\" src=\"https:\/\/www.mirabel-mielles.com\/wp-content\/uploads\/2023\/03\/ouverture-camping-St-K.jpg\" alt=\"heropening van campings voor verhuur\" class=\"wp-image-8152 size-full\" srcset=\"https:\/\/www.mirabel-mielles.com\/wp-content\/uploads\/2023\/03\/ouverture-camping-St-K.jpg 1000w, https:\/\/www.mirabel-mielles.com\/wp-content\/uploads\/2023\/03\/ouverture-camping-St-K-300x300.jpg 300w, https:\/\/www.mirabel-mielles.com\/wp-content\/uploads\/2023\/03\/ouverture-camping-St-K-150x150.jpg 150w, https:\/\/www.mirabel-mielles.com\/wp-content\/uploads\/2023\/03\/ouverture-camping-St-K-768x768.jpg 768w\" sizes=\"auto, (max-width: 1000px) 100vw, 1000px\" \/><\/figure><\/div>\n\n\n\n<div class=\"wp-block-columns is-layout-flex wp-container-core-columns-is-layout-28f84493 wp-block-columns-is-layout-flex\">\n<div class=\"wp-block-column is-layout-flow wp-block-column-is-layout-flow\" style=\"border-width:2px;padding-top:var(--wp--preset--spacing--40);padding-right:var(--wp--preset--spacing--40);padding-bottom:var(--wp--preset--spacing--40);padding-left:var(--wp--preset--spacing--40);flex-basis:100%\">\n<p class=\"has-text-align-center\">  <strong>Let op: <\/strong>onze twee andere campings <a rel=\"noreferrer noopener\" href=\"https:\/\/www.mirabel-clostranquille.com\/\" target=\"_blank\">Le Clos Tranquille<\/a> ** en <a rel=\"noreferrer noopener\" href=\"https:\/\/www.mirabel-4vaulx.com\/\" target=\"_blank\">De 4 Vaulx<\/a> ** <strong>gaat op 1 mei weer open.<\/strong> Je zult kunnen genieten van een andere ongewone en atypische accommodatie:  <strong>Zoete Coco<\/strong> (tussen de caravan en de tent). Camping Les 4 Vaulx, met uitzicht op zee, biedt je de sfeer van kamperen met comfort!  <\/p>\n\n\n\n<p><\/p>\n\n\n\n<div class=\"wp-block-buttons is-layout-flex wp-block-buttons-is-layout-flex\">\n<div class=\"wp-block-button aligncenter\"><a class=\"wp-block-button__link has-orange-background-color has-background wp-element-button\" href=\"https:\/\/www.mirabel-mielles.com\/nl\/\" target=\"_blank\" rel=\"noreferrer noopener\"><strong>Ik reserveer op camping Les Mielles<\/strong><\/a><\/div>\n<\/div>\n\n\n\n<div class=\"wp-block-buttons is-layout-flex wp-block-buttons-is-layout-flex\">\n<div class=\"wp-block-button aligncenter\"><a class=\"wp-block-button__link has-orange-background-color has-background wp-element-button\" href=\"https:\/\/www.mirabel-crique.com\/\" style=\"padding-top:var(--wp--preset--spacing--30);padding-right:var(--wp--preset--spacing--30);padding-bottom:var(--wp--preset--spacing--30);padding-left:var(--wp--preset--spacing--30)\" target=\"_blank\" rel=\"noreferrer noopener\"><strong>Ik boek op camping La Crique<\/strong><\/a><\/div>\n<\/div>\n\n\n\n<p><\/p>\n<\/div>\n<\/div>\n\n\n\n<div class=\"wp-block-buttons is-layout-flex wp-block-buttons-is-layout-flex\"><\/div>\n\n\n\n<p><\/p>","protected":false},"excerpt":{"rendered":"<p>A noter : nos deux autres campings Le Clos Tranquille ** et Les 4 Vaulx ** rouvriront le 1er mai. [&hellip;]<\/p>\n","protected":false},"author":2,"featured_media":8152,"comment_status":"closed","ping_status":"closed","sticky":false,"template":"","format":"standard","meta":{"_seopress_robots_primary_cat":"none","_seopress_titles_title":"R\u00e9ouverture de nos campings \u00e0 Saint Cast le Guildo","_seopress_titles_desc":"En C\u00f4tes d'Armor, nos deux campings Les Mielles et La Crique rouvrent leurs portes aux vacanciers en location.","_seopress_robots_index":"","footnotes":""},"categories":[1],"tags":[],"class_list":["post-8149","post","type-post","status-publish","format-standard","has-post-thumbnail","hentry","category-non-classifiee"],"_links":{"self":[{"href":"https:\/\/www.mirabel-mielles.com\/nl\/wp-json\/wp\/v2\/posts\/8149","targetHints":{"allow":["GET"]}}],"collection":[{"href":"https:\/\/www.mirabel-mielles.com\/nl\/wp-json\/wp\/v2\/posts"}],"about":[{"href":"https:\/\/www.mirabel-mielles.com\/nl\/wp-json\/wp\/v2\/types\/post"}],"author":[{"embeddable":true,"href":"https:\/\/www.mirabel-mielles.com\/nl\/wp-json\/wp\/v2\/users\/2"}],"replies":[{"embeddable":true,"href":"https:\/\/www.mirabel-mielles.com\/nl\/wp-json\/wp\/v2\/comments?post=8149"}],"version-history":[{"count":13,"href":"https:\/\/www.mirabel-mielles.com\/nl\/wp-json\/wp\/v2\/posts\/8149\/revisions"}],"predecessor-version":[{"id":9781,"href":"https:\/\/www.mirabel-mielles.com\/nl\/wp-json\/wp\/v2\/posts\/8149\/revisions\/9781"}],"wp:featuredmedia":[{"embeddable":true,"href":"https:\/\/www.mirabel-mielles.com\/nl\/wp-json\/wp\/v2\/media\/8152"}],"wp:attachment":[{"href":"https:\/\/www.mirabel-mielles.com\/nl\/wp-json\/wp\/v2\/media?parent=8149"}],"wp:term":[{"taxonomy":"category","embeddable":true,"href":"https:\/\/www.mirabel-mielles.com\/nl\/wp-json\/wp\/v2\/categories?post=8149"},{"taxonomy":"post_tag","embeddable":true,"href":"https:\/\/www.mirabel-mielles.com\/nl\/wp-json\/wp\/v2\/tags?post=8149"}],"curies":[{"name":"wp","href":"https:\/\/api.w.org\/{rel}","templated":true}]}}