{"id":8638,"date":"2023-07-17T17:29:51","date_gmt":"2023-07-17T15:29:51","guid":{"rendered":"https:\/\/www.mirabel-mielles.com\/?p=8638"},"modified":"2024-06-24T14:13:26","modified_gmt":"2024-06-24T12:13:26","slug":"de-inter-camping-mirabel-uitdagingen-van-lete-2023-op-camping-les-mielles","status":"publish","type":"post","link":"https:\/\/www.mirabel-mielles.com\/nl\/les-defis-inter-camping-mirabel-de-lete-2023-au-camping-les-mielles","title":{"rendered":"De Mirabel inter-camping uitdagingen voor zomer 2023 op Camping Les Mielles"},"content":{"rendered":"<p>Voor nog meer plezier en gedeelde momenten bieden we bij Mirabel Campings &amp; R\u00e9sidences de hele zomer hoogtepunten op onze 4-sterrencampings, waaronder Camping Mirabel Les Mielles in Saint Cast le Guildo.<\/p>\n\n\n\n<div class=\"wp-block-media-text alignwide is-stacked-on-mobile\" style=\"grid-template-columns:35% auto\"><figure class=\"wp-block-media-text__media\"><img loading=\"lazy\" decoding=\"async\" width=\"724\" height=\"1024\" src=\"https:\/\/www.mirabel-mielles.com\/wp-content\/uploads\/2023\/07\/WEB-Journee-deguisee-26juillet-724x1024.jpg\" alt=\"Superhelden verkleedpartij op camping Mirabel Les Mielles in juli\" class=\"wp-image-8641 size-full\" srcset=\"https:\/\/www.mirabel-mielles.com\/wp-content\/uploads\/2023\/07\/WEB-Journee-deguisee-26juillet-724x1024.jpg 724w, https:\/\/www.mirabel-mielles.com\/wp-content\/uploads\/2023\/07\/WEB-Journee-deguisee-26juillet-212x300.jpg 212w, https:\/\/www.mirabel-mielles.com\/wp-content\/uploads\/2023\/07\/WEB-Journee-deguisee-26juillet-768x1086.jpg 768w, https:\/\/www.mirabel-mielles.com\/wp-content\/uploads\/2023\/07\/WEB-Journee-deguisee-26juillet-1086x1536.jpg 1086w, https:\/\/www.mirabel-mielles.com\/wp-content\/uploads\/2023\/07\/WEB-Journee-deguisee-26juillet.jpg 1200w\" sizes=\"auto, (max-width: 724px) 100vw, 724px\" \/><\/figure><div class=\"wp-block-media-text__content\">\n<h3 class=\"wp-block-heading\">De grote verkleeddag op woensdag 26 juli<\/h3>\n\n\n\n<p>Voor de tweede keer, je <strong>Camping Les Mielles in Saint Cast<\/strong> Gelijktijdig georganiseerd met de andere levendige Mirabel campings, <strong>een vermomde dag<\/strong>. Kinderen en ouders, activiteitenbegeleiders en receptiepersoneel, iedereen wordt uitgenodigd om zich te verkleden voor dit evenement. <strong>groot feest op de camping<\/strong>. Noteer het thema zodat je je koffer kunt volladen met je beste vermomming: Superheroes VS Super-Villains en je kunt op pad! <strong>Woensdag 26 juli<\/strong> ! <\/p>\n<\/div><\/div>\n\n\n\n<div class=\"wp-block-media-text alignwide has-media-on-the-right is-stacked-on-mobile\" style=\"grid-template-columns:auto 30%\"><div class=\"wp-block-media-text__content\">\n<h3 class=\"wp-block-heading\">Inter-camping uitdaging: de clip van de zomer! <\/h3>\n\n\n\n<p>Je zult het zien in de volgende Mielles evenementenkalender, de <strong>Mirabel 2023 uitdaging<\/strong> is het maken van een videoclip van A tot Z. Met Charly en Lorine, je presentatoren, kun je het volgende maken <strong>DE video van de zomer<\/strong> die <strong>de buzz bij Les Mielles<\/strong>. Het moet dynamisch, leuk, amusant zijn - kortom, het moet je imago weerspiegelen! Maak de beste Mirabel 2023 videoclip en <strong>laat uw camping winnen <\/strong>! <\/p>\n<\/div><figure class=\"wp-block-media-text__media\"><img loading=\"lazy\" decoding=\"async\" width=\"724\" height=\"1024\" src=\"https:\/\/www.mirabel-mielles.com\/wp-content\/uploads\/2023\/07\/WEB-Challenge-clip-video-2023-724x1024.jpg\" alt=\"videoclip Mirabel zomer 2023 inter-camping uitdaging\" class=\"wp-image-8644 size-full\" srcset=\"https:\/\/www.mirabel-mielles.com\/wp-content\/uploads\/2023\/07\/WEB-Challenge-clip-video-2023-724x1024.jpg 724w, https:\/\/www.mirabel-mielles.com\/wp-content\/uploads\/2023\/07\/WEB-Challenge-clip-video-2023-212x300.jpg 212w, https:\/\/www.mirabel-mielles.com\/wp-content\/uploads\/2023\/07\/WEB-Challenge-clip-video-2023-768x1087.jpg 768w, https:\/\/www.mirabel-mielles.com\/wp-content\/uploads\/2023\/07\/WEB-Challenge-clip-video-2023-1086x1536.jpg 1086w, https:\/\/www.mirabel-mielles.com\/wp-content\/uploads\/2023\/07\/WEB-Challenge-clip-video-2023.jpg 1200w\" sizes=\"auto, (max-width: 724px) 100vw, 724px\" \/><\/figure><\/div>","protected":false},"excerpt":{"rendered":"<p>Pour toujours plus d&rsquo;amusement et de moments partag\u00e9s, chez Mirabel Campings &amp; R\u00e9sidences, nous vous proposons des temps forts tout [&hellip;]<\/p>\n","protected":false},"author":2,"featured_media":8641,"comment_status":"closed","ping_status":"closed","sticky":false,"template":"","format":"standard","meta":{"_seopress_robots_primary_cat":"none","_seopress_titles_title":"D\u00e9fi inter-camping Camping les Mielles Saint Cast le Guildo","_seopress_titles_desc":"Pour cet \u00e9t\u00e9, participez aux temps forts Mirabel en r\u00e9alisant le plus beau clip vid\u00e9o de nos campings 4 \u00e9toiles.","_seopress_robots_index":"","footnotes":""},"categories":[1],"tags":[],"class_list":["post-8638","post","type-post","status-publish","format-standard","has-post-thumbnail","hentry","category-non-classifiee"],"_links":{"self":[{"href":"https:\/\/www.mirabel-mielles.com\/nl\/wp-json\/wp\/v2\/posts\/8638","targetHints":{"allow":["GET"]}}],"collection":[{"href":"https:\/\/www.mirabel-mielles.com\/nl\/wp-json\/wp\/v2\/posts"}],"about":[{"href":"https:\/\/www.mirabel-mielles.com\/nl\/wp-json\/wp\/v2\/types\/post"}],"author":[{"embeddable":true,"href":"https:\/\/www.mirabel-mielles.com\/nl\/wp-json\/wp\/v2\/users\/2"}],"replies":[{"embeddable":true,"href":"https:\/\/www.mirabel-mielles.com\/nl\/wp-json\/wp\/v2\/comments?post=8638"}],"version-history":[{"count":3,"href":"https:\/\/www.mirabel-mielles.com\/nl\/wp-json\/wp\/v2\/posts\/8638\/revisions"}],"predecessor-version":[{"id":9789,"href":"https:\/\/www.mirabel-mielles.com\/nl\/wp-json\/wp\/v2\/posts\/8638\/revisions\/9789"}],"wp:featuredmedia":[{"embeddable":true,"href":"https:\/\/www.mirabel-mielles.com\/nl\/wp-json\/wp\/v2\/media\/8641"}],"wp:attachment":[{"href":"https:\/\/www.mirabel-mielles.com\/nl\/wp-json\/wp\/v2\/media?parent=8638"}],"wp:term":[{"taxonomy":"category","embeddable":true,"href":"https:\/\/www.mirabel-mielles.com\/nl\/wp-json\/wp\/v2\/categories?post=8638"},{"taxonomy":"post_tag","embeddable":true,"href":"https:\/\/www.mirabel-mielles.com\/nl\/wp-json\/wp\/v2\/tags?post=8638"}],"curies":[{"name":"wp","href":"https:\/\/api.w.org\/{rel}","templated":true}]}}